{"id":3977,"date":"2016-04-03T22:05:07","date_gmt":"2016-04-03T22:05:07","guid":{"rendered":"http:\/\/laplumedeloiseaulyre.com\/?p=3977"},"modified":"2016-04-03T22:15:32","modified_gmt":"2016-04-03T22:15:32","slug":"la-beaute-du-prelude-des-bachianas-brasileiras-dheitor-villa-lobos","status":"publish","type":"post","link":"https:\/\/laplumedeloiseaulyre.com\/?p=3977","title":{"rendered":"La beaut\u00e9 du pr\u00e9lude des Bachianas Brasileiras d&rsquo;Heitor Villa-Lobos"},"content":{"rendered":"<p><iframe width=\"860\" height=\"484\" src=\"https:\/\/www.youtube.com\/embed\/vbIcb3P_4T0?feature=oembed\" frameborder=\"0\" allow=\"accelerometer; autoplay; clipboard-write; encrypted-media; gyroscope; picture-in-picture\" allowfullscreen><\/iframe><\/p>\n<p style=\"text-align: justify;\">Les <em>Bachianas Brasileiras<\/em> du compositeur br\u00e9silien Heitor Villa-Lobos sont une s\u00e9rie de chefs d&rsquo;oeuvre parmi lesquels on trouve le Pr\u00e9lude de la suite n\u00b04 cr\u00e9\u00e9 pour piano en 1930-41 et orchestr\u00e9 en 1942. Tout simplement divin !<\/p>\n<div id=\"attachment_3978\" style=\"width: 310px\" class=\"wp-caption aligncenter\"><img aria-describedby=\"caption-attachment-3978\" loading=\"lazy\" class=\"size-medium wp-image-3978\" src=\"http:\/\/laplumedeloiseaulyre.com\/wp-content\/uploads\/2016\/04\/villa_lobos1-300x198.jpg\" alt=\"Heitor Villa-Lobos (1887-1959)\" width=\"300\" height=\"198\" srcset=\"https:\/\/laplumedeloiseaulyre.com\/wp-content\/uploads\/2016\/04\/villa_lobos1-300x198.jpg 300w, https:\/\/laplumedeloiseaulyre.com\/wp-content\/uploads\/2016\/04\/villa_lobos1-768x508.jpg 768w, https:\/\/laplumedeloiseaulyre.com\/wp-content\/uploads\/2016\/04\/villa_lobos1-560x370.jpg 560w, https:\/\/laplumedeloiseaulyre.com\/wp-content\/uploads\/2016\/04\/villa_lobos1-260x172.jpg 260w, https:\/\/laplumedeloiseaulyre.com\/wp-content\/uploads\/2016\/04\/villa_lobos1-160x106.jpg 160w, https:\/\/laplumedeloiseaulyre.com\/wp-content\/uploads\/2016\/04\/villa_lobos1-900x595.jpg 900w, https:\/\/laplumedeloiseaulyre.com\/wp-content\/uploads\/2016\/04\/villa_lobos1.jpg 1000w\" sizes=\"(max-width: 300px) 100vw, 300px\" \/><p id=\"caption-attachment-3978\" class=\"wp-caption-text\">Le compositeur br\u00e9silien Heitor Villa-Lobos (1887-1959)<\/p><\/div>\n","protected":false},"excerpt":{"rendered":"<p>Les Bachianas Brasileiras du compositeur br\u00e9silien Heitor Villa-Lobos sont une s\u00e9rie de chefs d&rsquo;oeuvre parmi lesquels on trouve le Pr\u00e9lude de la suite n\u00b04 cr\u00e9\u00e9 pour piano en 1930-41 et orchestr\u00e9 en 1942. Tout simplement divin !<\/p>\n<p class=\"more-link-p\"><a class=\"more-link\" href=\"https:\/\/laplumedeloiseaulyre.com\/?p=3977\">Read more &rarr;<\/a><\/p>\n","protected":false},"author":1,"featured_media":3978,"comment_status":"closed","ping_status":"closed","sticky":false,"template":"","format":"standard","meta":{"_editorskit_title_hidden":false,"_editorskit_reading_time":0,"_editorskit_is_block_options_detached":false,"_editorskit_block_options_position":"{}"},"categories":[122],"tags":[2721,2720,1873],"_links":{"self":[{"href":"https:\/\/laplumedeloiseaulyre.com\/index.php?rest_route=\/wp\/v2\/posts\/3977"}],"collection":[{"href":"https:\/\/laplumedeloiseaulyre.com\/index.php?rest_route=\/wp\/v2\/posts"}],"about":[{"href":"https:\/\/laplumedeloiseaulyre.com\/index.php?rest_route=\/wp\/v2\/types\/post"}],"author":[{"embeddable":true,"href":"https:\/\/laplumedeloiseaulyre.com\/index.php?rest_route=\/wp\/v2\/users\/1"}],"replies":[{"embeddable":true,"href":"https:\/\/laplumedeloiseaulyre.com\/index.php?rest_route=%2Fwp%2Fv2%2Fcomments&post=3977"}],"version-history":[{"count":3,"href":"https:\/\/laplumedeloiseaulyre.com\/index.php?rest_route=\/wp\/v2\/posts\/3977\/revisions"}],"predecessor-version":[{"id":3981,"href":"https:\/\/laplumedeloiseaulyre.com\/index.php?rest_route=\/wp\/v2\/posts\/3977\/revisions\/3981"}],"wp:featuredmedia":[{"embeddable":true,"href":"https:\/\/laplumedeloiseaulyre.com\/index.php?rest_route=\/wp\/v2\/media\/3978"}],"wp:attachment":[{"href":"https:\/\/laplumedeloiseaulyre.com\/index.php?rest_route=%2Fwp%2Fv2%2Fmedia&parent=3977"}],"wp:term":[{"taxonomy":"category","embeddable":true,"href":"https:\/\/laplumedeloiseaulyre.com\/index.php?rest_route=%2Fwp%2Fv2%2Fcategories&post=3977"},{"taxonomy":"post_tag","embeddable":true,"href":"https:\/\/laplumedeloiseaulyre.com\/index.php?rest_route=%2Fwp%2Fv2%2Ftags&post=3977"}],"curies":[{"name":"wp","href":"https:\/\/api.w.org\/{rel}","templated":true}]}}