{"id":3801,"date":"2016-01-15T22:30:15","date_gmt":"2016-01-15T22:30:15","guid":{"rendered":"http:\/\/laplumedeloiseaulyre.com\/?p=3801"},"modified":"2026-02-08T22:57:34","modified_gmt":"2026-02-08T22:57:34","slug":"concert-de-chant-et-de-piano-sur-le-theme-des-prenoms-feminins-le-20-janvier-2016","status":"publish","type":"post","link":"https:\/\/laplumedeloiseaulyre.com\/?p=3801","title":{"rendered":"L&rsquo;Oiseleur enchante les Pr\u00e9noms F\u00e9minins le 20 janvier 2016"},"content":{"rendered":"<div dir=\"ltr\"><\/div>\n<div dir=\"ltr\"><\/div>\n<div dir=\"ltr\"><img loading=\"lazy\" class=\"size-medium wp-image-3802 alignleft\" src=\"http:\/\/laplumedeloiseaulyre.com\/wp-content\/uploads\/2016\/01\/514b2c29d112135855c917fd1fb3b9b9-200x300.jpg\" alt=\"pr\u00e9noms f\u00e9minins 20 01 16\" width=\"200\" height=\"300\" srcset=\"https:\/\/laplumedeloiseaulyre.com\/wp-content\/uploads\/2016\/01\/514b2c29d112135855c917fd1fb3b9b9-200x300.jpg 200w, https:\/\/laplumedeloiseaulyre.com\/wp-content\/uploads\/2016\/01\/514b2c29d112135855c917fd1fb3b9b9-683x1024.jpg 683w, https:\/\/laplumedeloiseaulyre.com\/wp-content\/uploads\/2016\/01\/514b2c29d112135855c917fd1fb3b9b9-560x840.jpg 560w, https:\/\/laplumedeloiseaulyre.com\/wp-content\/uploads\/2016\/01\/514b2c29d112135855c917fd1fb3b9b9-260x390.jpg 260w, https:\/\/laplumedeloiseaulyre.com\/wp-content\/uploads\/2016\/01\/514b2c29d112135855c917fd1fb3b9b9-160x240.jpg 160w, https:\/\/laplumedeloiseaulyre.com\/wp-content\/uploads\/2016\/01\/514b2c29d112135855c917fd1fb3b9b9.jpg 756w\" sizes=\"(max-width: 200px) 100vw, 200px\" \/><\/div>\n<div dir=\"ltr\"><\/div>\n<div id=\"yiv7082249142yui_3_16_0_1_1452594848222_61403\" dir=\"ltr\" style=\"text-align: justify;\"><span id=\"yui_3_16_0_1_1452673685518_12905\" class=\"yiv7082249142\" style=\"color: #808080;\"><span id=\"yui_3_16_0_1_1452673685518_13452\" style=\"font-size: medium;\">Le baryton <strong>Jacques Fran\u00e7ois L&rsquo;Oiseleur des Longchamps<\/strong> chantera le <strong>mercredi 20 janvier 2016<\/strong> \u00e0 <strong>15h15<\/strong> un programme musical sur le th\u00e8me des pr\u00e9noms f\u00e9minins, aux c\u00f4t\u00e9s de la pianiste <strong>St\u00e9phanie Humeau<\/strong>. D&rsquo;Ad\u00e8le \u00e0 Zulma en passant par Chloris, la musique sera f\u00e9minine et personnalis\u00e9e ! &nbsp;Une belle perspective.&nbsp;<\/span><\/span><\/div>\n<div id=\"yiv7082249142yui_3_16_0_1_1452594848222_61403\" dir=\"ltr\"><span class=\"yiv7082249142\" style=\"color: #808080;\">&nbsp;<\/span><\/div>\n<div dir=\"ltr\"><\/div>\n<div dir=\"ltr\"><\/div>\n<div dir=\"ltr\"><\/div>\n<div id=\"yiv7082249142yui_3_16_0_1_1452594848222_61403\" dir=\"ltr\"><span style=\"color: #808080;\"><strong><span class=\"yiv7082249142\">Informations pratiques :&nbsp;<\/span><\/strong><\/span><\/div>\n<div id=\"yiv7082249142yui_3_16_0_1_1452594848222_61403\" dir=\"ltr\"><span id=\"yiv7082249142yui_3_16_0_1_1452594848222_61517\" class=\"yiv7082249142\" style=\"color: #808080;\">Maison de Retraite Dosne,&nbsp;<\/span><span id=\"yiv7082249142yui_3_16_0_1_1452594848222_61476\" class=\"yiv7082249142\" style=\"color: #808080;\">5 Ter Rue Dosne, 75116 Paris<\/span><\/div>\n<div id=\"yiv7082249142yui_3_16_0_1_1452594848222_61403\" dir=\"ltr\"><span style=\"color: #808080;\"><span id=\"yiv7082249142yui_3_16_0_1_1452594848222_61631\" class=\"yiv7082249142\">(E<\/span><span id=\"yui_3_16_0_1_1452673685518_16719\" class=\"\">ntr\u00e9e au 27 Avenue&nbsp;<\/span><span id=\"yui_3_16_0_1_1452673685518_17800\">Bugeaud,&nbsp;<\/span><\/span><span style=\"color: #808080;\"><span id=\"yui_3_16_0_1_1452673685518_17802\">interphone \u00e0 la&nbsp;<\/span><span id=\"yui_3_16_0_1_1452673685518_17816\">petite porte &lsquo;Maison&nbsp; Dosne&rsquo;,&nbsp;<\/span><\/span><span id=\"yiv7082249142yui_3_16_0_1_1452594848222_61714\" class=\"yiv7082249142\" style=\"color: #808080;\">m\u00e9tro Victor Hugo ou Porte Dauphine,&nbsp;<\/span><span class=\"yiv7082249142\" style=\"color: #808080;\"><a id=\"yiv7082249142yui_3_16_0_1_1452594848222_61685\" class=\"yiv7082249142\" style=\"color: #808080;\" title=\"Appeller avec Hangouts\" rel=\"nofollow\"><\/a>01 47 04 31 41, d<\/span><span class=\"\" style=\"color: #808080;\">ur\u00e9e 1h,&nbsp;<\/span><span id=\"yui_3_16_0_1_1452673685518_13366\" class=\"\" style=\"color: #808080;\">organis. Mme Jacqueline de Savignac,&nbsp;<\/span><span id=\"yui_3_16_0_1_1452673685518_17823\" class=\"yiv7082249142\" style=\"color: #808080;\"><b>participation : 5\u20ac<\/b>)<\/span><\/div>\n","protected":false},"excerpt":{"rendered":"<p>Le baryton Jacques Fran\u00e7ois L&rsquo;Oiseleur des Longchamps chantera le mercredi 20 janvier 2016 \u00e0 15h15 un programme musical sur le th\u00e8me des pr\u00e9noms f\u00e9minins, aux c\u00f4t\u00e9s de la pianiste St\u00e9phanie Humeau. D&rsquo;Ad\u00e8le \u00e0 Zulma en passant par Chloris, la musique&hellip;<\/p>\n<p class=\"more-link-p\"><a class=\"more-link\" href=\"https:\/\/laplumedeloiseaulyre.com\/?p=3801\">Read more &rarr;<\/a><\/p>\n","protected":false},"author":1,"featured_media":3802,"comment_status":"closed","ping_status":"closed","sticky":false,"template":"","format":"standard","meta":{"_editorskit_title_hidden":false,"_editorskit_reading_time":0,"_editorskit_is_block_options_detached":false,"_editorskit_block_options_position":"{}"},"categories":[122],"tags":[2571,2198,2569,2573,531,2568],"_links":{"self":[{"href":"https:\/\/laplumedeloiseaulyre.com\/index.php?rest_route=\/wp\/v2\/posts\/3801"}],"collection":[{"href":"https:\/\/laplumedeloiseaulyre.com\/index.php?rest_route=\/wp\/v2\/posts"}],"about":[{"href":"https:\/\/laplumedeloiseaulyre.com\/index.php?rest_route=\/wp\/v2\/types\/post"}],"author":[{"embeddable":true,"href":"https:\/\/laplumedeloiseaulyre.com\/index.php?rest_route=\/wp\/v2\/users\/1"}],"replies":[{"embeddable":true,"href":"https:\/\/laplumedeloiseaulyre.com\/index.php?rest_route=%2Fwp%2Fv2%2Fcomments&post=3801"}],"version-history":[{"count":8,"href":"https:\/\/laplumedeloiseaulyre.com\/index.php?rest_route=\/wp\/v2\/posts\/3801\/revisions"}],"predecessor-version":[{"id":17055,"href":"https:\/\/laplumedeloiseaulyre.com\/index.php?rest_route=\/wp\/v2\/posts\/3801\/revisions\/17055"}],"wp:featuredmedia":[{"embeddable":true,"href":"https:\/\/laplumedeloiseaulyre.com\/index.php?rest_route=\/wp\/v2\/media\/3802"}],"wp:attachment":[{"href":"https:\/\/laplumedeloiseaulyre.com\/index.php?rest_route=%2Fwp%2Fv2%2Fmedia&parent=3801"}],"wp:term":[{"taxonomy":"category","embeddable":true,"href":"https:\/\/laplumedeloiseaulyre.com\/index.php?rest_route=%2Fwp%2Fv2%2Fcategories&post=3801"},{"taxonomy":"post_tag","embeddable":true,"href":"https:\/\/laplumedeloiseaulyre.com\/index.php?rest_route=%2Fwp%2Fv2%2Ftags&post=3801"}],"curies":[{"name":"wp","href":"https:\/\/api.w.org\/{rel}","templated":true}]}}